{"id":3829,"date":"2019-09-27T09:08:25","date_gmt":"2019-09-27T09:08:25","guid":{"rendered":"https:\/\/www.colombodesign.com\/blog\/?p=3829"},"modified":"2019-10-07T09:55:49","modified_gmt":"2019-10-07T09:55:49","slug":"alato-maniglia-per-porta-e-finestra","status":"publish","type":"post","link":"https:\/\/www.colombodesign.com\/blog\/alato-maniglia-per-porta-e-finestra\/","title":{"rendered":"Alat\u00f2 \u00e8 la novit\u00e0 2019 della collezione maniglie Colombo Design"},"content":{"rendered":"\n<p>Porta la firma del prestigioso <strong>Studio Jean-Philippe Nuel<\/strong> l\u2019ultima novit\u00e0 della collezione maniglie di Colombo Design, che verr\u00e0 inserita all\u2019interno del catalogo generale in uscita a inizio 2020.  <\/p>\n\n\n\n<p>Una maniglia dal design <strong>dinamico e minimale<\/strong>, presentata in anteprima in questo <strong><a href=\"https:\/\/www.youtube.com\/watch?v=FHtmw1vU4ts\">video<\/a><\/strong>.<\/p>\n\n\n\n<p>Alat\u00f2 sar\u00e0 disponibile sul mercato a partire dalla met\u00e0 del mese di novembre 2019 nelle seguenti varianti: <\/p>\n\n\n\n<ul class=\"wp-block-list\"><li>maniglia per porta su rosetta, con o senza bocchetta<\/li><li>maniglia per porta su rosetta stretta<\/li><li>maniglia martellina per finestra<\/li><li>maniglia DK per finestra<\/li><\/ul>\n\n\n\n<p><strong>Quattro le finiture proposte<\/strong>: dalle tradizionali <strong>Cromo<\/strong> e <strong>Cromat<\/strong>, alle pi\u00f9 moderne ed innovative <strong>Grafite<\/strong> e <strong>Grafite Mat<\/strong>, sempre pi\u00f9 richieste dal mercato e adatte ad interni <em>minimal<\/em> e contemporanei.<\/p>\n\n\n\n<p><a href=\"https:\/\/www.colombodesign.com\/catalogs\/maniglie\/?f=277\">Scopri tutte le maniglie per porte e finestre di Colombo Design.<\/a><\/p>\n","protected":false},"excerpt":{"rendered":"<p>Porta la firma del prestigioso Studio Jean-Philippe Nuel l\u2019ultima novit\u00e0 della collezione maniglie di Colombo Design, che verr\u00e0 inserita all\u2019interno del catalogo generale in uscita a inizio 2020. Una maniglia dal design dinamico e minimale, presentata in anteprima in questo video. Alat\u00f2 sar\u00e0 disponibile sul&#8230;<\/p>\n","protected":false},"author":2,"featured_media":3830,"comment_status":"closed","ping_status":"closed","sticky":false,"template":"","format":"standard","meta":{"_acf_changed":false,"footnotes":""},"categories":[619,1],"tags":[606,904,907,906,654,655,905],"yst_prominent_words":[716,713,714,903,862,748,741,900,715,732,750,901,902],"class_list":["post-3829","post","type-post","status-publish","format-standard","has-post-thumbnail","hentry","category-maniglie","category-news","tag-maniglie","tag-alato","tag-cromat","tag-cromo","tag-grafite","tag-grafite-mat","tag-studio-jean-philippe-nuel"],"acf":[],"_links":{"self":[{"href":"https:\/\/www.colombodesign.com\/blog\/wp-json\/wp\/v2\/posts\/3829","targetHints":{"allow":["GET"]}}],"collection":[{"href":"https:\/\/www.colombodesign.com\/blog\/wp-json\/wp\/v2\/posts"}],"about":[{"href":"https:\/\/www.colombodesign.com\/blog\/wp-json\/wp\/v2\/types\/post"}],"author":[{"embeddable":true,"href":"https:\/\/www.colombodesign.com\/blog\/wp-json\/wp\/v2\/users\/2"}],"replies":[{"embeddable":true,"href":"https:\/\/www.colombodesign.com\/blog\/wp-json\/wp\/v2\/comments?post=3829"}],"version-history":[{"count":10,"href":"https:\/\/www.colombodesign.com\/blog\/wp-json\/wp\/v2\/posts\/3829\/revisions"}],"predecessor-version":[{"id":3854,"href":"https:\/\/www.colombodesign.com\/blog\/wp-json\/wp\/v2\/posts\/3829\/revisions\/3854"}],"wp:featuredmedia":[{"embeddable":true,"href":"https:\/\/www.colombodesign.com\/blog\/wp-json\/wp\/v2\/media\/3830"}],"wp:attachment":[{"href":"https:\/\/www.colombodesign.com\/blog\/wp-json\/wp\/v2\/media?parent=3829"}],"wp:term":[{"taxonomy":"category","embeddable":true,"href":"https:\/\/www.colombodesign.com\/blog\/wp-json\/wp\/v2\/categories?post=3829"},{"taxonomy":"post_tag","embeddable":true,"href":"https:\/\/www.colombodesign.com\/blog\/wp-json\/wp\/v2\/tags?post=3829"},{"taxonomy":"yst_prominent_words","embeddable":true,"href":"https:\/\/www.colombodesign.com\/blog\/wp-json\/wp\/v2\/yst_prominent_words?post=3829"}],"curies":[{"name":"wp","href":"https:\/\/api.w.org\/{rel}","templated":true}]}}