{"id":5205,"date":"2022-09-20T19:30:00","date_gmt":"2022-09-20T19:30:00","guid":{"rendered":"https:\/\/www.colombodesign.com\/blog\/?p=5205"},"modified":"2023-02-17T09:48:20","modified_gmt":"2023-02-17T09:48:20","slug":"rossi-e-lersa-e-lambiente-bagno-con-colombo-design","status":"publish","type":"post","link":"https:\/\/www.colombodesign.com\/blog\/rossi-e-lersa-e-lambiente-bagno-con-colombo-design\/","title":{"rendered":"Colombo Design intervista&#8230; Rossi &#038; Lersa per abitare l&#8217;ambiente bagno"},"content":{"rendered":"\n<p>Ambiente bagno per i professionisti della zona \u00e8 Rossi &amp; Lersa: punto di riferimento per idraulici, installatori, tecnici e progettisti del territorio da oltre 60 anni. L&#8217;obbiettivo? Ottenere prodotti di qualit\u00e0 certificata e consulenza sia tecnica che di interior design. Cos\u2019\u00e8 cambiato dal 1959? <strong>Massimo Cantarelli<\/strong>, da 23 anni in azienda, ci racconta un\u2019interessante storia fatta di scelte importanti, di coraggio, di lungimiranza ma soprattutto condivisione.<\/p>\n\n\n\n<figure class=\"wp-block-video\"><video height=\"500\" style=\"aspect-ratio: 1920 \/ 500;\" width=\"1920\" autoplay loop muted src=\"https:\/\/www.colombodesign.com\/blog\/wp-content\/uploads\/2022\/07\/Dati.mp4\"><\/video><\/figure>\n\n\n\n<p>Il percorso di trasformazione costruito dall\u2019azienda nel corso degli anni \u00e8 significativo, tanto che Rossi &amp; Lersa \u00e8 diventato un punto di riferimento sul territorio valtellinese e svizzero: da termoidraulica a specializzati in prodotti per l\u2019ambiente bagno.&nbsp; Emblematica \u00e8 stata l\u2019evoluzione dettata dalla nuova modalit\u00e0 di vendita, ossia, dal tradizionale banco della termoidraulica alla sala mostre di ampie metrature. Oltre all\u2019esperienza, ormai consolidata nel tempo, le sale mostre hanno messo in risalto il concetto di bellezza contestualizzandolo nell\u2019ambiente bagno e in grado di dare il valore aggiunto alle proposte.<\/p>\n\n\n\n<p>Il progetto, spiega Cantarelli direttore delle sale mostra <strong>Rossi &amp; Lersa<\/strong>, ha avuto successo incredibile perch\u00e9 ci siamo concentrati su prodotti innovativi da presentare ai professionisti. Da subito abbiamo fatto una scelta radicale sui prodotti da esporre. Ci siamo focalizzati su poche aziende tra le pi\u00f9 rappresentative, tra cui anche Colombo Design, proponendo prodotti altamente qualificati e di \u201cbuon gusto\u201d.<\/p>\n\n\n\n<h2 class=\"wp-block-heading\"><em>Le sale mostra: una realt\u00e0 Rossi &amp; Lersa<\/em><\/h2>\n\n\n\n<p>Il filo conduttore \u00e8 stato dare una continuit\u00e0 d\u2019immagine alle nostre sale mostra in modo che fossero riconoscibili: in ogni sala mostra si possono trovare gli stessi brand e, in quantit\u00e0 variabile a seconda dell\u2019ampiezza delle sale espositive, anche gli stessi articoli. Sicuramente gli addetti presenti nelle varie location offrono valore aggiunto grazie a un percorso formativo che per Rossi &amp; Lersa \u00e8 fondamentale e in perenne miglioramento: stessa formazione, stessi risultati.<\/p>\n\n\n\n<p>Negli anni questo modus operandi ha fatto crescere e percepire l\u2019affidabilit\u00e0 ai nostri clienti dandoci oggi la possibilit\u00e0 di distinguerci dal mercato rispetto ad altri perch\u00e9 siamo pi\u00f9 specialisti e un p\u00f2 meno generalisti. &nbsp;Ritengo, continua cantarelli, che in un mondo dove ormai tutti vogliono fare tutto, &nbsp;noi abbiamo curato molto la progettazione e la personalizzazione, specializzandoci e portando risultati in termini di qualit\u00e0.<\/p>\n\n\n\n<figure class=\"wp-block-video\"><video height=\"810\" style=\"aspect-ratio: 1440 \/ 810;\" width=\"1440\" autoplay loop muted src=\"https:\/\/www.colombodesign.com\/blog\/wp-content\/uploads\/2022\/07\/Showroom.mp4\"><\/video><\/figure>\n\n\n\n<h2 class=\"wp-block-heading\"><strong><em>Quanto \u00e8 stato importante avere sale espositive d\u2019importante impatto visivo con queste metrature a livello provinciale?<\/em><\/strong><\/h2>\n\n\n\n<p>Ci ha aiutato sicuramente, ma abbiamo lavorato molto sul personale. Abbiamo <strong>qualificato molto la struttura organizzativa<\/strong> puntando prima di tutto sulla <strong>scelta delle persone<\/strong>. &nbsp;Sale mostre di queste dimensioni hanno costi elevati offuscati da un mercato parallelo di acquisti in Internet dove ci\u00f2 che balza all\u2019occhio sono i prezzi bassi. Rossi &amp; Lersa ha puntato sul qualificare gli addetti a livello professionale il che ci ha permesso di crescere e di distinguerci. Abbiamo lavorato sul team, sulla costruzione del concetto di gruppo e di unione organizzando anche momenti piacevoli di ritrovo dove parlare e confrontarsi.<\/p>\n\n\n\n<p>In definitiva la direzione ha dato delle linee guida ai collaboratori e responsabili delle sale mostra e loro hanno rafforzato la nostra identit\u00e0 avanzando suggerimenti e insegnandoci sempre qualcosa tutti i giorni avendo il contatto con partner, professionisti e privati.<\/p>\n\n\n\n<h2 class=\"wp-block-heading\"><strong><em>Secondo Lei, si \u00e8 formato un atteggiamento caratteristico dei vostri collaboratori che vi rende particolarmente interessanti?<\/em><\/strong><\/h2>\n\n\n\n<p>La caratteristica in comune innanzitutto \u00e8 <strong>il buon gusto. <\/strong>Tradotto vuol dire che ognuno dei nostri responsabili o addetti \u00e8 in grado di portare qualcosa all&#8217;interno dell&#8217;azienda per poter riqualificare i prodotti che abbiamo o rivedere il nostro modo di operare. Ogni proposta \u00e8 attentamente valutata da tutto il team con una sinergia di grande valore aggiunto. E\u2019 importante sottolineare che chiunque lavora in Rossi &amp; Lersa ha un suo valore che riesce a trasmettere al cliente.<\/p>\n\n\n\n<figure class=\"wp-block-image size-large\"><img loading=\"lazy\" decoding=\"async\" width=\"1024\" height=\"256\" src=\"https:\/\/www.colombodesign.com\/blog\/wp-content\/uploads\/2022\/09\/Progetto-senza-titolo-3-1024x256.png\" alt=\"\" class=\"wp-image-5277\" srcset=\"https:\/\/www.colombodesign.com\/blog\/wp-content\/uploads\/2022\/09\/Progetto-senza-titolo-3-1024x256.png 1024w, https:\/\/www.colombodesign.com\/blog\/wp-content\/uploads\/2022\/09\/Progetto-senza-titolo-3-300x75.png 300w, https:\/\/www.colombodesign.com\/blog\/wp-content\/uploads\/2022\/09\/Progetto-senza-titolo-3-768x192.png 768w, https:\/\/www.colombodesign.com\/blog\/wp-content\/uploads\/2022\/09\/Progetto-senza-titolo-3-1536x384.png 1536w, https:\/\/www.colombodesign.com\/blog\/wp-content\/uploads\/2022\/09\/Progetto-senza-titolo-3.png 1584w\" sizes=\"auto, (max-width: 1024px) 100vw, 1024px\" \/><\/figure>\n\n\n\n<blockquote class=\"wp-block-quote is-style-large is-layout-flow wp-block-quote-is-layout-flow\"><p><strong>Curiosit\u00e0<\/strong><br>Il marchio Rossi e Lersa ha conservato la sua identit\u00e0 dal 1959 rimanendo inalterato nel tempo sia come grafica che come colore.<\/p><\/blockquote>\n\n\n\n<h2 class=\"wp-block-heading\"><strong><em>Quali sono le sfide che avete dovuto affrontare nel corso degli anni? il mercato \u00e8 cambiato e con esso anche il vostro approccio alle vendite.<\/em><\/strong><\/h2>\n\n\n\n<p>La sfida pi\u00f9 grande \u00e8 stata <strong>condividere le informazioni sui prodotti che abbiamo scelto. <\/strong>Quando selezioniamo un\u2019azienda fornitrice decidiamo di farlo dandole continuit\u00e0 nel tempo: non iniziamo un rapporto lavorativo senza pensare a una lunga collaborazione perch\u00e9 l\u2019abbandono di un brand implica la non credibilit\u00e0. Esiste un\u2019area di rispetto e di dialogo con i nostri partner che ci consente di partecipare in modo costruttivo all\u2019evoluzione del design e del mercato. &nbsp;Abbiamo la tendenza a scegliere aziende che ci proteggono <strong>dal discorso di Internet<\/strong> permettendoci di avere prodotti selezionati e di qualit\u00e0 superiore.<\/p>\n\n\n\n<p>All\u2019inizio c\u2019\u00e8 stata una preoccupazione derivante da un approccio alla novit\u00e0, ma non appena ci siamo accorti che la qualificazione di Internet non era quella che \u00e8 nostra, allora ci siamo tranquillizzati. La<strong> nostra vendita viene fatta per consulenza<\/strong> con figure professionali eterogenee la cui peculiarit\u00e0 \u00e8 entrare in empatia con il cliente. Il nostro approccio non \u00e8 la tentata vendita come in internet ma la costruzione di un progetto che incontra le esigenze architettoniche di chi si rivolge a noi. Entriamo in sintonia con il cliente e anche oggi che facciamo parte di un gruppo internazionale abbiamo conservato la nostra essenza \u201cfamiliare\u201d.<\/p>\n\n\n\n<h2 class=\"wp-block-heading\"><strong><em>Ha toccato il tasto dell\u2019 internazionalizzazione. Come si \u00e8 trasformata nell\u2019ultimo anno Rossi &amp; Lersa?<\/em><\/strong><\/h2>\n\n\n\n<p>Nell\u2019ultimo anno Rossi &amp; Lersa \u00e8 entrata a fare parte di un gruppo internazionale. E\u2019 stata una scelta molto ponderata per continuare a crescere, rimanere sul mercato dando continuit\u00e0 al brand alleandosi con un gruppo internazionale. Una scelta che ritengo saggia <strong>perch\u00e9 ci apre gli occhi su un nuovo approccio lavorativo <\/strong>dialogando in modo differente con i nostri partner.<\/p>\n\n\n\n<p>Un cambio epocale perch\u00e9 la trasformazione si poggia su una base diversa rispetto a quello che eravamo abituati a osservare. &nbsp;<\/p>\n\n\n\n<h2 class=\"wp-block-heading\"><strong><em>Come \u00e8 cambiata l\u2019immagine dell\u2019ambiente bagno negli ultimi due anni? Ce lo racconta la Sig.ra Antonella Orlandi referente showroom Gera Lario <\/em><\/strong><\/h2>\n\n\n\n<p>Dopo la pandemia l&#8217;immagine del bagno si \u00e8 proiettata verso scelte del vivere il benessere fisico e psicologico. Oggi comodit\u00e0 e bellezza sono un must ma se prima il concetto di qualit\u00e0 si andava a perdere oggi invece \u00e8 preponderante. Se prima il prodotto, faccio un esempio, un maniglione era semplicemente un maniglione oggi c\u2019\u00e8 una <strong>conoscenza maggiore della <a rel=\"noreferrer noopener\" href=\"https:\/\/www.colombodesign.com\/arredo-bagno\/\" target=\"_blank\">qualit\u00e0 dei prodotti<\/a>. La qualit\u00e0 di un prodotto offre continuit\u00e0<\/strong> e affidabilit\u00e0 dal punto di <strong>vista funzionale. <\/strong>Gli utenti si informano sul brand e da quanti anni l\u2019azienda \u00e8 attiva.<\/p>\n\n\n\n<figure class=\"wp-block-image size-large\"><img loading=\"lazy\" decoding=\"async\" width=\"1024\" height=\"768\" src=\"https:\/\/www.colombodesign.com\/blog\/wp-content\/uploads\/2022\/09\/IMG_20220421_120305-1024x768.jpg\" alt=\"\" class=\"wp-image-5271\" srcset=\"https:\/\/www.colombodesign.com\/blog\/wp-content\/uploads\/2022\/09\/IMG_20220421_120305-1024x768.jpg 1024w, https:\/\/www.colombodesign.com\/blog\/wp-content\/uploads\/2022\/09\/IMG_20220421_120305-300x225.jpg 300w, https:\/\/www.colombodesign.com\/blog\/wp-content\/uploads\/2022\/09\/IMG_20220421_120305-768x576.jpg 768w, https:\/\/www.colombodesign.com\/blog\/wp-content\/uploads\/2022\/09\/IMG_20220421_120305-1536x1152.jpg 1536w, https:\/\/www.colombodesign.com\/blog\/wp-content\/uploads\/2022\/09\/IMG_20220421_120305-2048x1536.jpg 2048w\" sizes=\"auto, (max-width: 1024px) 100vw, 1024px\" \/><\/figure>\n\n\n\n<h2 class=\"wp-block-heading\"><strong><em>Colombo Design quindi rispecchia i criteri di affidabilit\u00e0 richiesti?<\/em><\/strong><\/h2>\n\n\n\n<p>La <strong>collaborazione con <a rel=\"noreferrer noopener\" href=\"http:\/\/www.colombodesign.com\" target=\"_blank\">Colombo Design<\/a> \u00e8 trentennale. <\/strong>Abbiamo scelto Colombo Design per un discorso di made in Italy oltre che di qualit\u00e0. Il prodotto italiano nelle nostre sale mostra \u00e8 presente al 99%. Per noi creare l&#8217;ambiente bagno italiano \u00e8 un PLUS: portiamo all\u2019estero il concetto di estetica e design che tutto il mondo ci invidia.<\/p>\n\n\n\n<p>Colombo Design \u00e8 sempre stata molto innovativa, magari troppo rispetto alla concorrenza, ma ci ha permesso di crescere <strong>consigliandoci delle soluzioni. <\/strong>Ci piace provare cose nuove perch\u00e9 siamo aperti al cambiamento ed \u00e8 questa la nostra forza. &nbsp;<\/p>\n\n\n\n<figure class=\"wp-block-image size-large\"><img loading=\"lazy\" decoding=\"async\" width=\"1024\" height=\"256\" src=\"https:\/\/www.colombodesign.com\/blog\/wp-content\/uploads\/2022\/09\/Progetto-senza-titolo-2-1024x256.png\" alt=\"\" class=\"wp-image-5275\" srcset=\"https:\/\/www.colombodesign.com\/blog\/wp-content\/uploads\/2022\/09\/Progetto-senza-titolo-2-1024x256.png 1024w, https:\/\/www.colombodesign.com\/blog\/wp-content\/uploads\/2022\/09\/Progetto-senza-titolo-2-300x75.png 300w, https:\/\/www.colombodesign.com\/blog\/wp-content\/uploads\/2022\/09\/Progetto-senza-titolo-2-768x192.png 768w, https:\/\/www.colombodesign.com\/blog\/wp-content\/uploads\/2022\/09\/Progetto-senza-titolo-2-1536x384.png 1536w, https:\/\/www.colombodesign.com\/blog\/wp-content\/uploads\/2022\/09\/Progetto-senza-titolo-2.png 1584w\" sizes=\"auto, (max-width: 1024px) 100vw, 1024px\" \/><\/figure>\n\n\n","protected":false},"excerpt":{"rendered":"<p>Ambiente bagno per i professionisti della zona \u00e8 Rossi &amp; Lersa: punto di riferimento per idraulici, installatori, tecnici e progettisti del territorio da oltre 60 anni. L&#8217;obbiettivo? Ottenere prodotti di qualit\u00e0 certificata e consulenza sia tecnica che di interior design. Cos\u2019\u00e8 cambiato dal 1959? Massimo&#8230;<\/p>\n","protected":false},"author":3,"featured_media":5280,"comment_status":"closed","ping_status":"closed","sticky":false,"template":"","format":"standard","meta":{"_acf_changed":false,"footnotes":""},"categories":[620,1,2906],"tags":[597],"yst_prominent_words":[733,716,713,714,732,722,822],"class_list":["post-5205","post","type-post","status-publish","format-standard","has-post-thumbnail","hentry","category-accessori-bagno","category-news","category-interviste","tag-accessori-bagno"],"acf":[],"_links":{"self":[{"href":"https:\/\/www.colombodesign.com\/blog\/wp-json\/wp\/v2\/posts\/5205","targetHints":{"allow":["GET"]}}],"collection":[{"href":"https:\/\/www.colombodesign.com\/blog\/wp-json\/wp\/v2\/posts"}],"about":[{"href":"https:\/\/www.colombodesign.com\/blog\/wp-json\/wp\/v2\/types\/post"}],"author":[{"embeddable":true,"href":"https:\/\/www.colombodesign.com\/blog\/wp-json\/wp\/v2\/users\/3"}],"replies":[{"embeddable":true,"href":"https:\/\/www.colombodesign.com\/blog\/wp-json\/wp\/v2\/comments?post=5205"}],"version-history":[{"count":14,"href":"https:\/\/www.colombodesign.com\/blog\/wp-json\/wp\/v2\/posts\/5205\/revisions"}],"predecessor-version":[{"id":5284,"href":"https:\/\/www.colombodesign.com\/blog\/wp-json\/wp\/v2\/posts\/5205\/revisions\/5284"}],"wp:featuredmedia":[{"embeddable":true,"href":"https:\/\/www.colombodesign.com\/blog\/wp-json\/wp\/v2\/media\/5280"}],"wp:attachment":[{"href":"https:\/\/www.colombodesign.com\/blog\/wp-json\/wp\/v2\/media?parent=5205"}],"wp:term":[{"taxonomy":"category","embeddable":true,"href":"https:\/\/www.colombodesign.com\/blog\/wp-json\/wp\/v2\/categories?post=5205"},{"taxonomy":"post_tag","embeddable":true,"href":"https:\/\/www.colombodesign.com\/blog\/wp-json\/wp\/v2\/tags?post=5205"},{"taxonomy":"yst_prominent_words","embeddable":true,"href":"https:\/\/www.colombodesign.com\/blog\/wp-json\/wp\/v2\/yst_prominent_words?post=5205"}],"curies":[{"name":"wp","href":"https:\/\/api.w.org\/{rel}","templated":true}]}}